{"id":6467,"date":"2021-09-15T08:39:41","date_gmt":"2021-09-15T08:39:41","guid":{"rendered":"https:\/\/factor-h.org\/?p=6467"},"modified":"2021-09-15T08:39:41","modified_gmt":"2021-09-15T08:39:41","slug":"huntingtons-disease-the-pope-steps-in-to-help-raise-awareness","status":"publish","type":"post","link":"https:\/\/factor-h.org\/es\/huntingtons-disease-the-pope-steps-in-to-help-raise-awareness","title":{"rendered":"La enfermedad de Huntington: el Papa ayudar a crear conciencia"},"content":{"rendered":"<p>Fue con la pompa y la intriga de una novela de Dan Brown que a principios de este mes el Papa Francisco entr\u00f3 en la sala de audiencias del Aula Paolo VI, una sala del tama\u00f1o de un hangar de aviones en la Ciudad del Vaticano. Flanqueado por la extravagante Guardia Suiza y hombres de traje oscuro que murmuraban en los auriculares, se dirigi\u00f3 a una silla de gran tama\u00f1o en un escenario frente a casi 2.000 personas. Muchos aplaudieron, la mayor\u00eda boquiabiertos de incredulidad.<\/p>\n\n\n\n<p>El Papa estaba all\u00ed para hacer algo que ning\u00fan otro l\u00edder mundial hab\u00eda hecho antes. Conoc\u00eda a personas con la enfermedad de Huntington, un trastorno neurol\u00f3gico raro e incurable que durante mucho tiempo ha estado envuelto en verg\u00fcenza y discriminaci\u00f3n. Es una enfermedad gen\u00e9tica que se da en familias. Provoca movimientos espasm\u00f3dicos involuntarios y puede hacer que las personas se depriman o se vuelvan agresivas, s\u00edntomas que pueden dejarlas socialmente aisladas, en parte gracias a un malentendido hist\u00f3rico.<\/p>\n\n\n\n<p><a href=\"https:\/\/www.theguardian.com\/science\/2017\/may\/27\/huntingtons-disease-pope-steps-in-to-raise-awareness\" target=\"_blank\" rel=\"noreferrer noopener\">SEGUIR LEYENDO<\/a><\/p>","protected":false},"excerpt":{"rendered":"<p>It was with the pomp and intrigue of a Dan Brown novel that earlier this month Pope Francis made his way into the Aula Paolo VI audience hall, a room the size of an aeroplane hangar in Vatican City. Flanked by the flamboyant Swiss Guard and dark-suited men muttering into earpieces, he headed for an [&hellip;]<\/p>\n","protected":false},"author":1,"featured_media":6468,"comment_status":"open","ping_status":"open","sticky":false,"template":"","format":"standard","meta":{"_monsterinsights_skip_tracking":false,"_monsterinsights_sitenote_active":false,"_monsterinsights_sitenote_note":"","_monsterinsights_sitenote_category":0,"footnotes":""},"categories":[98,9,41],"tags":[126,115,125,127],"class_list":["post-6467","post","type-post","status-publish","format-standard","has-post-thumbnail","hentry","category-in-the-press","category-general-news","category-us","tag-dara-mohammadi","tag-papa-francisco","tag-pope-francisco","tag-the-guardian"],"aioseo_notices":[],"_links":{"self":[{"href":"https:\/\/factor-h.org\/es\/wp-json\/wp\/v2\/posts\/6467","targetHints":{"allow":["GET"]}}],"collection":[{"href":"https:\/\/factor-h.org\/es\/wp-json\/wp\/v2\/posts"}],"about":[{"href":"https:\/\/factor-h.org\/es\/wp-json\/wp\/v2\/types\/post"}],"author":[{"embeddable":true,"href":"https:\/\/factor-h.org\/es\/wp-json\/wp\/v2\/users\/1"}],"replies":[{"embeddable":true,"href":"https:\/\/factor-h.org\/es\/wp-json\/wp\/v2\/comments?post=6467"}],"version-history":[{"count":0,"href":"https:\/\/factor-h.org\/es\/wp-json\/wp\/v2\/posts\/6467\/revisions"}],"wp:featuredmedia":[{"embeddable":true,"href":"https:\/\/factor-h.org\/es\/wp-json\/wp\/v2\/media\/6468"}],"wp:attachment":[{"href":"https:\/\/factor-h.org\/es\/wp-json\/wp\/v2\/media?parent=6467"}],"wp:term":[{"taxonomy":"category","embeddable":true,"href":"https:\/\/factor-h.org\/es\/wp-json\/wp\/v2\/categories?post=6467"},{"taxonomy":"post_tag","embeddable":true,"href":"https:\/\/factor-h.org\/es\/wp-json\/wp\/v2\/tags?post=6467"}],"curies":[{"name":"wp","href":"https:\/\/api.w.org\/{rel}","templated":true}]}}