{"id":6467,"date":"2021-09-15T08:39:41","date_gmt":"2021-09-15T08:39:41","guid":{"rendered":"https:\/\/factor-h.org\/?p=6467"},"modified":"2021-09-15T08:39:41","modified_gmt":"2021-09-15T08:39:41","slug":"huntingtons-disease-the-pope-steps-in-to-help-raise-awareness","status":"publish","type":"post","link":"https:\/\/factor-h.org\/pt\/huntingtons-disease-the-pope-steps-in-to-help-raise-awareness","title":{"rendered":"Doen\u00e7a de Huntington: o papa passos para ajudar a aumentar a conscientiza\u00e7\u00e3o"},"content":{"rendered":"<p>Foi com a pompa e a intriga de um romance de Dan Brown que, no in\u00edcio deste m\u00eas, o Papa Francisco entrou na sala de audi\u00eancias da Aula Paolo VI, uma sala do tamanho de um hangar de avi\u00f5es na Cidade do Vaticano. Ladeado pela extravagante Guarda Su\u00ed\u00e7a e homens de terno escuro murmurando em fones de ouvido, ele se dirigiu a uma cadeira enorme em um palco diante de quase 2.000 pessoas. Muitos aplaudiram, a maioria boquiabertos em descren\u00e7a.<\/p>\n\n\n\n<p>O papa estava l\u00e1 para fazer algo que nenhum outro l\u00edder mundial havia feito antes. Ele estava conhecendo pessoas com a doen\u00e7a de Huntington, um dist\u00farbio neurol\u00f3gico raro e incur\u00e1vel que h\u00e1 muito tempo est\u00e1 envolto em vergonha e discrimina\u00e7\u00e3o. \u00c9 uma doen\u00e7a gen\u00e9tica que ocorre em fam\u00edlias. Provoca movimentos bruscos involunt\u00e1rios e pode tornar as pessoas deprimidas ou agressivas, sintomas que podem deix\u00e1-las socialmente isoladas, em parte gra\u00e7as a um mal-entendido hist\u00f3rico.<\/p>\n\n\n\n<p><a href=\"https:\/\/www.theguardian.com\/science\/2017\/may\/27\/huntingtons-disease-pope-steps-in-to-raise-awareness\" target=\"_blank\" rel=\"noreferrer noopener\">CONTINUE LENDO<\/a><\/p>","protected":false},"excerpt":{"rendered":"<p>It was with the pomp and intrigue of a Dan Brown novel that earlier this month Pope Francis made his way into the Aula Paolo VI audience hall, a room the size of an aeroplane hangar in Vatican City. Flanked by the flamboyant Swiss Guard and dark-suited men muttering into earpieces, he headed for an [&hellip;]<\/p>\n","protected":false},"author":1,"featured_media":6468,"comment_status":"open","ping_status":"open","sticky":false,"template":"","format":"standard","meta":{"_monsterinsights_skip_tracking":false,"_monsterinsights_sitenote_active":false,"_monsterinsights_sitenote_note":"","_monsterinsights_sitenote_category":0,"footnotes":""},"categories":[98,9,41],"tags":[126,115,125,127],"class_list":["post-6467","post","type-post","status-publish","format-standard","has-post-thumbnail","hentry","category-in-the-press","category-general-news","category-us","tag-dara-mohammadi","tag-papa-francisco","tag-pope-francisco","tag-the-guardian"],"aioseo_notices":[],"_links":{"self":[{"href":"https:\/\/factor-h.org\/pt\/wp-json\/wp\/v2\/posts\/6467","targetHints":{"allow":["GET"]}}],"collection":[{"href":"https:\/\/factor-h.org\/pt\/wp-json\/wp\/v2\/posts"}],"about":[{"href":"https:\/\/factor-h.org\/pt\/wp-json\/wp\/v2\/types\/post"}],"author":[{"embeddable":true,"href":"https:\/\/factor-h.org\/pt\/wp-json\/wp\/v2\/users\/1"}],"replies":[{"embeddable":true,"href":"https:\/\/factor-h.org\/pt\/wp-json\/wp\/v2\/comments?post=6467"}],"version-history":[{"count":0,"href":"https:\/\/factor-h.org\/pt\/wp-json\/wp\/v2\/posts\/6467\/revisions"}],"wp:featuredmedia":[{"embeddable":true,"href":"https:\/\/factor-h.org\/pt\/wp-json\/wp\/v2\/media\/6468"}],"wp:attachment":[{"href":"https:\/\/factor-h.org\/pt\/wp-json\/wp\/v2\/media?parent=6467"}],"wp:term":[{"taxonomy":"category","embeddable":true,"href":"https:\/\/factor-h.org\/pt\/wp-json\/wp\/v2\/categories?post=6467"},{"taxonomy":"post_tag","embeddable":true,"href":"https:\/\/factor-h.org\/pt\/wp-json\/wp\/v2\/tags?post=6467"}],"curies":[{"name":"wp","href":"https:\/\/api.w.org\/{rel}","templated":true}]}}