{"id":7108,"date":"2021-10-30T12:10:34","date_gmt":"2021-10-30T12:10:34","guid":{"rendered":"https:\/\/factor-h.org\/?p=7108"},"modified":"2021-10-31T15:24:16","modified_gmt":"2021-10-31T15:24:16","slug":"diary-of-a-dr-from-maracaibo-in-barcelona-diario-de-un-dr-de-maracaibo-en-barcelona-ii","status":"publish","type":"post","link":"https:\/\/factor-h.org\/pt\/diary-of-a-dr-from-maracaibo-in-barcelona-diario-de-un-dr-de-maracaibo-en-barcelona-ii","title":{"rendered":"Di\u00e1rio de um Dr. de Maracaibo, em Barcelona \/ Diario de un Dr. de Maracaibo en Barcelona (II)"},"content":{"rendered":"<h2 class=\"wp-block-heading\">Conhecendo o Barcelona. \/ Conociendo y adapt\u00e1ndome a Barcelona.<\/h2>\n\n\n\n<p>Estar em Barcelona \u00e9 estar em uma cidade multicultural. Ap\u00f3s as restri\u00e7\u00f5es com o Covid-19, aos poucos a cidade abriu suas portas para milhares de turistas que a visitam todos os dias e, assim, pude constatar que o barceloniano faz parte de um mundo globalizado, mas mant\u00e9m e preserva seus costumes, l\u00edngua, arquitetura e jeito de ser, que os tornam t\u00e3o \u00fanicos na Espanha. Os barceloneses s\u00e3o simp\u00e1ticos e est\u00e3o abertos a partilhar a Cidade com quem aqui visita ou quer trabalhar.<\/p>\n\n\n\n<p><em>Estar em Barcelona \u00e9 estar em uma cidade multicultural, luego de las restricciones por la covid-19 poco a poco la ciudad ha aberto sus puertas a los miles de turistas que d\u00eda a d\u00eda le visitan y assim ele p\u00f4de observar que el barcelonense \u00e9 un cidad\u00e3o do mundo globalizado mas que mant\u00e9m e conserva seus costumes, l\u00edngua, arquitetura e modo de ser que os fazem t\u00e3o particulares na Espanha. Son amables y abiertos a compartir con quienes les visitan o quieran crecer sanamente y trabajar en la ciudad.<\/em><\/p>\n\n\n\n<h2 class=\"wp-block-heading\">Voc\u00ea pode respirar liberdade aqui<\/h2>\n\n\n\n<p>Barcelona \u00e9 uma cidade onde se respira liberdade. Voc\u00ea pode observar pessoas de diferentes nacionalidades, diferentes confiss\u00f5es religiosas, que convivem sem problemas percept\u00edveis. A orienta\u00e7\u00e3o sexual deles, seja qual for a de cada cidad\u00e3o, \u00e9 muito respeitada, havendo at\u00e9 estabelecimentos amig\u00e1veis \u00e0 comunidade LGBTQ+.<\/p>\n\n\n\n<figure class=\"wp-block-image alignright size-large is-resized\"><img fetchpriority=\"high\" decoding=\"async\" src=\"https:\/\/factor-h.org\/wp-content\/uploads\/2021\/10\/Foto-6-2-576x1024.jpg\" alt=\"\" class=\"wp-image-7124\" width=\"432\" height=\"768\" srcset=\"https:\/\/factor-h.org\/wp-content\/uploads\/2021\/10\/Foto-6-2-576x1024.jpg 576w, https:\/\/factor-h.org\/wp-content\/uploads\/2021\/10\/Foto-6-2-169x300.jpg 169w, https:\/\/factor-h.org\/wp-content\/uploads\/2021\/10\/Foto-6-2-768x1365.jpg 768w, https:\/\/factor-h.org\/wp-content\/uploads\/2021\/10\/Foto-6-2-864x1536.jpg 864w, https:\/\/factor-h.org\/wp-content\/uploads\/2021\/10\/Foto-6-2.jpg 1134w\" sizes=\"(max-width: 432px) 100vw, 432px\" \/><\/figure>\n\n\n\n<p><em>Barcelona \u00e9 uma cidade onde se respira liberdade. Se observam personas de nacionalidades distintas trabalhando, personas com confiss\u00f5es religiosas distintas que convivem sem problemas evidentes. A orienta\u00e7\u00e3o sexual \u00e9 o que parece ser o cidad\u00e3o, e at\u00e9 mesmo se estabeleceram como amigos da comunidade LGBTQ+. <\/em><\/p>\n\n\n\n<p>As crian\u00e7as s\u00e3o bem cuidadas e respeitadas. Os av\u00f3s s\u00e3o protegidos. Eles prestam aten\u00e7\u00e3o especial aos cidad\u00e3os com habilidades especiais ou limitados por uma defici\u00eancia. Tudo foi pensado para que eles possam se locomover com tranquilidade nesta metr\u00f3pole. Eles tamb\u00e9m cuidam e protegem os animais. \u00c9 comum ver pessoas passeando com seus cachorros; as aves s\u00e3o vistas livres e em grande propor\u00e7\u00e3o. At\u00e9 mesmo grupos de javalis s\u00e3o vistos em pra\u00e7as ou ruas.<\/p>\n\n\n\n<p><em>Observe que se cuida e se respeita a los ni\u00f1os, se protege a los abuelos, tienen especial aten\u00e7\u00e3o ao ciudadano com recursos especiais o limitados por alguma defici\u00eancia. Tudo est\u00e1 pensado para que voc\u00ea possa se mover com tranquilidade nesta metr\u00f3pole. Veo que tambi\u00e9n cuidan y protegen a los animales. \u00c9 comum ver as pessoas passeando por seus perros, se vens das aves livres e em grande propor\u00e7\u00e3o convivendo com os cidad\u00e3os, e at\u00e9 fam\u00edlias de jabal\u00edes se d\u00e3o conta que, em ocasi\u00f5es, at\u00e9 mesmo em pra\u00e7as ou ruas. <\/em><\/p>\n\n\n\n<p><br>Os cidad\u00e3os t\u00eam uma cultura de reciclagem. O sistema de limpeza urbana funciona muito bem, e est\u00e3o promovendo o uso de ve\u00edculos com menor consumo de combust\u00edveis f\u00f3sseis e o uso de carros el\u00e9tricos.<\/p>\n\n\n\n<p><em>Os cidad\u00e3os t\u00eam cultura de reciclagem, o sistema de asseo urbano funciona muito bem, e est\u00e1 apontando para o uso do ve\u00edculo com menos consumo de combust\u00edveis f\u00f3sseis e se destaca no uso de autom\u00f3veis el\u00e9tricos.<\/em><\/p>\n\n\n\n<p>Eles se preocupam em ter um ambiente limpo, gostei muito disso.<\/p>\n\n\n\n<p><em>Se preocupa em ter um ambiente limpo, e eu gosto muito.<\/em><\/p>\n\n\n\n<h2 class=\"wp-block-heading\">espanhol e catal\u00e3o<\/h2>\n\n\n\n<p>Estou impressionado com o bilinguismo que existe em Barcelona. Todos falam espanhol e catal\u00e3o e, da mesma forma, muitas pessoas falam at\u00e9 4 idiomas: ingl\u00eas, franc\u00eas ou italiano, al\u00e9m de catal\u00e3o e espanhol.<\/p>\n\n\n\n<p><em>Me impressiona o biling\u00fcismo que existe em Barcelona, todos falam muy bien el castellano y el catal\u00e3o, assim mesmo, muchas personas falam hasta 4 idiomas, ingl\u00eas, franc\u00eas ou italiano, catal\u00e3o e espanhol.<\/em><\/p>\n\n\n\n<p>Barcelona tem uma \u00e1rea montanhosa e vista para o Mar Mediterr\u00e2neo. Situa-se, a cerca de 120 km a sul da cadeia montanhosa dos Piren\u00e9us e da fronteira com a Fran\u00e7a, numa pequena plan\u00edcie costeira limitada pelo mar a leste, a serra de Collserola a oeste, o rio Llobregat a sul e o rio Bes\u00f3s para o norte.<\/p>\n\n\n\n<p><em>Barcelona tem uma \u00e1rea montanhosa e uma vista para o mar Mediterr\u00e2neo. Situa-se a uns 120 km al sur de la cadena monta\u00f1osa de los Pirineos y de la frontera con Francia, en un peque\u00f1o llano litoral limitado por el mar al este, la sierra de Collserola al oeste, el r\u00edo Llobregat al sur y el r\u00edo Bes\u00f3s al norte.<\/em><\/p>\n\n\n\n<p>Rapidamente me adaptei ao transporte p\u00fablico. Comprei um cart\u00e3o por 40 euros que me permite viajar quantas vezes quiser durante 1 m\u00eas de metro, autocarros, el\u00e9trico e alguns comboios pr\u00f3ximos.<\/p>\n\n\n\n<figure class=\"wp-block-image alignleft size-large is-resized\"><img decoding=\"async\" src=\"https:\/\/factor-h.org\/wp-content\/uploads\/2021\/10\/Foto-1-1-576x1024.jpg\" alt=\"\" class=\"wp-image-7125\" width=\"432\" height=\"768\" srcset=\"https:\/\/factor-h.org\/wp-content\/uploads\/2021\/10\/Foto-1-1-576x1024.jpg 576w, https:\/\/factor-h.org\/wp-content\/uploads\/2021\/10\/Foto-1-1-169x300.jpg 169w, https:\/\/factor-h.org\/wp-content\/uploads\/2021\/10\/Foto-1-1-768x1365.jpg 768w, https:\/\/factor-h.org\/wp-content\/uploads\/2021\/10\/Foto-1-1-864x1536.jpg 864w, https:\/\/factor-h.org\/wp-content\/uploads\/2021\/10\/Foto-1-1.jpg 1134w\" sizes=\"(max-width: 432px) 100vw, 432px\" \/><\/figure>\n\n\n\n<p><em>Rapidamente me adapto ao transporte p\u00fablico. Compre una tarjeta por 40 euros, que me permite viajar las veces que desee por 1 mes en el metro, bus, tranv\u00eda y ciertos trenes aleda\u00f1os.<\/em><\/p>\n\n\n\n<p>Eu me perdi duas vezes durante a primeira semana, mas depois consegui encontrar meu caminho \u00e0 vontade. \u00c9 dif\u00edcil realmente se perder depois que voc\u00ea se orienta.<\/p>\n\n\n\n<p><em>Me perd\u00ed 2 veces la primera semana, pero ya luego me ubicaba y me orientaba facilmente. \u00c9 realmente dif\u00edcil perder uma vez que voc\u00ea orienta.<\/em><\/p>\n\n\n\n<h2 class=\"wp-block-heading\">Em um local conveniente<\/h2>\n\n\n\n<p>O lugar que encontrei para ficar \u00e9 bem localizado, pois estou a 1 parada de metr\u00f4 do Merc\u00e8 Hospital. Levo menos de 20 minutos para chegar ao Hospital Sant Pau.<\/p>\n\n\n\n<p><em>O lugar que encontrei para me hospedar \u00e9 um lugar estrat\u00e9gico, ya que estou a 1 parada no metr\u00f4 al hospital de la Merc\u00e8. N\u00e3o dura nem 20 minutos para chegar ao Hospital Sant Pau. <\/em><\/p>\n\n\n\n<p>\u00c9 uma cidade muito bem organizada. Na minha casa, tenho um servi\u00e7o de lavanderia n\u00e3o caro, v\u00e1rios supermercados, centros esportivos, passarelas e parques. Tudo \u00e9 acess\u00edvel.<\/p>\n\n\n\n<p><em>\u00c9 uma cidade muito organizada. Cerca de mi lugar de hospedaje tengo un servicio de lavander\u00eda -acess\u00edvel economicamente hablando- supermercados, centros deportivos para ejercitarme, camin\u00e9r\u00edas y parques, todo es acessible. <\/em><\/p>\n\n\n\n<p>A cidade tem a vantagem de ter um clima agrad\u00e1vel. Nem muito frio, nem muito quente. \u00c9 outono agora com agrad\u00e1veis 15 a 23 graus. Recomenda-se usar jaqueta \u00e0 noite, mas durante o dia n\u00e3o \u00e9 necess\u00e1rio. <\/p>\n\n\n\n<p><em>La ciudad tiene la ventaja de contar con un clima agradable, no es muy frio y tampoco muy caluroso, en el time que estoy es la estaci\u00f3n de oto\u00f1o, se sente un clima agradable de 15 a 23 grados es recomendable por las noches llevar una chaqueta mas no dia sim que n\u00e3o faz falta. <\/em><\/p>\n\n\n\n<p>Fiquei impressionado com a quantidade de pra\u00e7as, \u00e1reas verdes, quadras esportivas, academias que podem ser encontradas. Crian\u00e7as e adolescentes praticam esportes constantemente e, av\u00f3s e idosos, podem ser vistos passeando e sendo bem cuidados. Li que Barcelona tem um dos maiores \u00edndices de qualidade de vida do mundo, e seus cidad\u00e3os vivem muitos anos. Observei que eles comem uma dieta rica em \u00f3leos graxos saud\u00e1veis, \u00f4mega 3, azeite, frutas, legumes, peixe, gr\u00e3os, nozes. O consumo de vinho \u00e9 comum\u2026 eles at\u00e9 t\u00eam uma pr\u00e1tica chamada hacer el Vermouth, que consiste em se reunir para tomar uma bebida e lanchar alguns alimentos antes do almo\u00e7o. Os barceloneses gostam deste momento, e pude experimentar no hospital De la Merc\u00e8 onde, depois de visitar os doentes, e antes do almo\u00e7o, fomos todos tomar um caf\u00e9, comer umas bolachas e partilhar o momento.<\/p>\n\n\n\n<figure class=\"wp-block-image aligncenter size-large is-resized\"><img decoding=\"async\" src=\"https:\/\/factor-h.org\/wp-content\/uploads\/2021\/10\/Foto-5-1-576x1024.jpg\" alt=\"\" class=\"wp-image-7134\" width=\"432\" height=\"768\" srcset=\"https:\/\/factor-h.org\/wp-content\/uploads\/2021\/10\/Foto-5-1-576x1024.jpg 576w, https:\/\/factor-h.org\/wp-content\/uploads\/2021\/10\/Foto-5-1-169x300.jpg 169w, https:\/\/factor-h.org\/wp-content\/uploads\/2021\/10\/Foto-5-1-768x1365.jpg 768w, https:\/\/factor-h.org\/wp-content\/uploads\/2021\/10\/Foto-5-1-864x1536.jpg 864w, https:\/\/factor-h.org\/wp-content\/uploads\/2021\/10\/Foto-5-1.jpg 1134w\" sizes=\"(max-width: 432px) 100vw, 432px\" \/><\/figure>\n\n\n\n<p><em>Me llamo la atenci\u00f3n la cantidad de plazas, \u00e1reas verdes, canchas deportivas, gym que se encuentran. Os ni\u00f1os ya adolescentes praticam desporto constantemente e se ven los abuelos, personas mayores caminando y bien conservadores. Ele leu que Barcelona tem um dos \u00edndices de qualidade de vida mais altos no mundo e seus cidad\u00e3os vivem muitos anos. Ele observou que comen muy bien, es una diet rica em aceites grasos sanos, \u00f4mega 3, aceite de oliva, frutas, vegetais, pescado , granos, frutos secos, el consumo de vino \u00e9 comum at\u00e9 tiene una pr\u00e1tica chamada hacer el Vermut donde socialmente em um momento do dia se re\u00fanen para tomar alguma bebida e picar ciertos alimentos anteriores al muerzo. Sus habitantes disfrutan de dicho momento, esto lo pude vivenciar en El hospital De la Merc\u00e8, donde luego de visitar a los pacientes, e antes del almuerzo, todos nos \u00edbamos a tomar un caf\u00e9, comer unas galletas y compartir.<\/em><\/p>\n\n\n\n<figure class=\"wp-block-image aligncenter size-large\"><img loading=\"lazy\" decoding=\"async\" width=\"1024\" height=\"576\" src=\"https:\/\/factor-h.org\/wp-content\/uploads\/2021\/10\/Foto-3-1024x576.jpg\" alt=\"\" class=\"wp-image-7135\" srcset=\"https:\/\/factor-h.org\/wp-content\/uploads\/2021\/10\/Foto-3-1024x576.jpg 1024w, https:\/\/factor-h.org\/wp-content\/uploads\/2021\/10\/Foto-3-300x169.jpg 300w, https:\/\/factor-h.org\/wp-content\/uploads\/2021\/10\/Foto-3-768x432.jpg 768w, https:\/\/factor-h.org\/wp-content\/uploads\/2021\/10\/Foto-3-1536x864.jpg 1536w, https:\/\/factor-h.org\/wp-content\/uploads\/2021\/10\/Foto-3.jpg 1632w\" sizes=\"(max-width: 1024px) 100vw, 1024px\" \/><\/figure>\n\n\n\n<p>O Barcelona me recebeu de bra\u00e7os abertos. Seu povo am\u00e1vel e amig\u00e1vel me fez sentir em casa. Eles s\u00e3o engra\u00e7ados e t\u00eam um senso de humor muito particular. Cada dia que passou foi um dia para agradecer e posso manter um grande sorriso no rosto. Barcelona \u00e9, sem d\u00favida, uma cidade amig\u00e1vel e com a qual voc\u00ea se adapta facilmente.<\/p>\n\n\n\n<p><em>Barcelona me ha recibido con los brazos abiertos, su gente amable y cordial pues me han hecho sentir en casa, son jocosos y tiene un particular senso del humor. Cada dia que passou tem sido um dia para estar agradecido e com uma grande sonrisa na minha cara. Sin duda Barcelona \u00e9 uma cidade amigable y la que te adapta facilmente.<\/em><\/p>\n\n\n\n<figure class=\"wp-block-image size-large\"><img loading=\"lazy\" decoding=\"async\" width=\"1024\" height=\"576\" src=\"https:\/\/factor-h.org\/wp-content\/uploads\/2021\/10\/Foto-8-1024x576.jpg\" alt=\"\" class=\"wp-image-7136\" srcset=\"https:\/\/factor-h.org\/wp-content\/uploads\/2021\/10\/Foto-8-1024x576.jpg 1024w, https:\/\/factor-h.org\/wp-content\/uploads\/2021\/10\/Foto-8-300x169.jpg 300w, https:\/\/factor-h.org\/wp-content\/uploads\/2021\/10\/Foto-8-768x432.jpg 768w, https:\/\/factor-h.org\/wp-content\/uploads\/2021\/10\/Foto-8-1536x864.jpg 1536w, https:\/\/factor-h.org\/wp-content\/uploads\/2021\/10\/Foto-8.jpg 2016w\" sizes=\"(max-width: 1024px) 100vw, 1024px\" \/><\/figure>","protected":false},"excerpt":{"rendered":"<p>Getting acquinted with Barcelona. \/ Conociendo y adapt\u00e1ndome a Barcelona. To be in Barcelona is to be in a multicultural city. After the restrictions with Covid-19, little by little the city has opened its doors to thousands of tourists who visit it every day and, therefore, I have been able to observe that the Barcelonian [&hellip;]<\/p>\n","protected":false},"author":4,"featured_media":7110,"comment_status":"open","ping_status":"open","sticky":false,"template":"","format":"standard","meta":{"_monsterinsights_skip_tracking":false,"_monsterinsights_sitenote_active":false,"_monsterinsights_sitenote_note":"","_monsterinsights_sitenote_category":0,"footnotes":""},"categories":[53,69,9,45],"tags":[],"class_list":["post-7108","post","type-post","status-publish","format-standard","has-post-thumbnail","hentry","category-health-disease-management","category-lapep","category-general-news","category-venezuela-countries"],"aioseo_notices":[],"_links":{"self":[{"href":"https:\/\/factor-h.org\/pt\/wp-json\/wp\/v2\/posts\/7108","targetHints":{"allow":["GET"]}}],"collection":[{"href":"https:\/\/factor-h.org\/pt\/wp-json\/wp\/v2\/posts"}],"about":[{"href":"https:\/\/factor-h.org\/pt\/wp-json\/wp\/v2\/types\/post"}],"author":[{"embeddable":true,"href":"https:\/\/factor-h.org\/pt\/wp-json\/wp\/v2\/users\/4"}],"replies":[{"embeddable":true,"href":"https:\/\/factor-h.org\/pt\/wp-json\/wp\/v2\/comments?post=7108"}],"version-history":[{"count":0,"href":"https:\/\/factor-h.org\/pt\/wp-json\/wp\/v2\/posts\/7108\/revisions"}],"wp:featuredmedia":[{"embeddable":true,"href":"https:\/\/factor-h.org\/pt\/wp-json\/wp\/v2\/media\/7110"}],"wp:attachment":[{"href":"https:\/\/factor-h.org\/pt\/wp-json\/wp\/v2\/media?parent=7108"}],"wp:term":[{"taxonomy":"category","embeddable":true,"href":"https:\/\/factor-h.org\/pt\/wp-json\/wp\/v2\/categories?post=7108"},{"taxonomy":"post_tag","embeddable":true,"href":"https:\/\/factor-h.org\/pt\/wp-json\/wp\/v2\/tags?post=7108"}],"curies":[{"name":"wp","href":"https:\/\/api.w.org\/{rel}","templated":true}]}}