{"id":9047,"date":"2023-04-12T18:37:54","date_gmt":"2023-04-12T18:37:54","guid":{"rendered":"https:\/\/factor-h.org\/?p=9047"},"modified":"2023-04-23T00:11:01","modified_gmt":"2023-04-23T00:11:01","slug":"mayor-of-juan-de-acosta-meet-with-factor-hs-president-to-acord-the-availity-of-a-space-for-fh-patients-and-comunity","status":"publish","type":"post","link":"https:\/\/factor-h.org\/pt\/mayor-of-juan-de-acosta-meet-with-factor-hs-president-to-acord-the-availity-of-a-space-for-fh-patients-and-comunity","title":{"rendered":"O prefeito de Juan de Acosta, na Col\u00f4mbia, encontra-se com o presidente da Factor-H para discutir a disponibilidade de um espa\u00e7o para pacientes em HD e sua comunidade"},"content":{"rendered":"<p>Em 10 de abril de 2023, o presidente da Factor-H, Ignacio Mu\u00f1oz-Sanjuan, e membros da equipe de gest\u00e3o na Col\u00f4mbia, reuniram-se com <strong>Carlos Manuel Higgins Villanueva, <a href=\"http:\/\/www.juandeacosta-atlantico.gov.co\/\" target=\"_blank\" rel=\"noopener\" title=\"\">prefeito de Juan de Acosta<\/a><\/strong>, para discutir a gest\u00e3o de um espa\u00e7o municipal pela Factor-H, que visa servir como centro operacional dos servi\u00e7os e atividades prestados pela Factor-H na regi\u00e3o, visando a melhoria da qualidade de vida dos portadores de Huntington, seus familiares e cuidadores. O encontro contou ainda com a presen\u00e7a da primeira-dama do munic\u00edpio, interessada em promover a incorpora\u00e7\u00e3o dos idosos no conceito de alian\u00e7a de entidades que procuram melhorar a qualidade de vida dos mais vulner\u00e1veis.&nbsp;&nbsp;<\/p>\n\n\n\n<p>Higgings Villanueva comentou na reuni\u00e3o que o problema das pessoas afetadas pela doen\u00e7a de Huntington \u201c\u00e9 bem conhecido para mim, porque foi sofrido por um dos meus melhores amigos de inf\u00e2ncia que morava ao lado de nossa casa \u2026 Ele era uma pessoa extremamente inteligente \u2013 lembrou -, e ainda assim ele faleceu depois de sofrer os efeitos devastadores desta doen\u00e7a.\u201d&nbsp;&nbsp;<\/p>\n\n\n\n<p>Da parte da Factor-H, tamb\u00e9m assistiram \u00e0 reuni\u00e3o Zuleima Bonilla - graduada em bacteriologia e microbiologia cl\u00ednica - e coordenadora geral da Factor-H Col\u00f4mbia, bem como Leyla Mieles, coordenadora administrativa e de sa\u00fade da Funda\u00e7\u00e3o. Ignacio Mu\u00f1oz-Sanjuan explicou que o resultado da reuni\u00e3o \u201cn\u00e3o poderia ter sido mais positivo\u201d, pois ficou manifesta a vontade de colabora\u00e7\u00e3o de ambas as partes, \u201ce agora estamos prontos para passar \u00e0 revis\u00e3o dos documentos, ao estudo dos custos de gest\u00e3o que a Factor-H iria assumir e da adequa\u00e7\u00e3o do espa\u00e7o proposto\u201d, concluiu.&nbsp;<\/p>\n\n\n\n<p>Juan de Acosta \u00e9 uma cidade e munic\u00edpio do departamento colombiano do Atl\u00e2ntico, com uma popula\u00e7\u00e3o de mais de 17.000 habitantes, e \u00e9 considerado o segundo maior aglomerado de fam\u00edlias em DH do mundo.<\/p>","protected":false},"excerpt":{"rendered":"<p>On April 10, 2023, the President of Factor-H, Ignacio Mu\u00f1oz-Sanjuan, and members of the management team in Colombia, met with Carlos Manuel Higgins Villanueva, mayor of Juan de Acosta, to discuss the management of a municipal space by Factor-H, which aims to serve as an operations center for the services and activities provided by Factor-H [&hellip;]<\/p>\n","protected":false},"author":1,"featured_media":9048,"comment_status":"open","ping_status":"open","sticky":false,"template":"","format":"standard","meta":{"_monsterinsights_skip_tracking":false,"_monsterinsights_sitenote_active":false,"_monsterinsights_sitenote_note":"","_monsterinsights_sitenote_category":0,"footnotes":""},"categories":[80,7,63,89,65,53,9],"tags":[270,248,269,268,258],"class_list":["post-9047","post","type-post","status-publish","format-standard","has-post-thumbnail","hentry","category-basic-assistance","category-colombia-news","category-community-development","category-costa-caribe","category-hd-day-centers","category-health-disease-management","category-general-news","tag-atlantico","tag-colombia","tag-alcalde-de-juan-de-acosta","tag-carlos-manuel-higgins-villanueva","tag-juan-de-acosta"],"aioseo_notices":[],"_links":{"self":[{"href":"https:\/\/factor-h.org\/pt\/wp-json\/wp\/v2\/posts\/9047","targetHints":{"allow":["GET"]}}],"collection":[{"href":"https:\/\/factor-h.org\/pt\/wp-json\/wp\/v2\/posts"}],"about":[{"href":"https:\/\/factor-h.org\/pt\/wp-json\/wp\/v2\/types\/post"}],"author":[{"embeddable":true,"href":"https:\/\/factor-h.org\/pt\/wp-json\/wp\/v2\/users\/1"}],"replies":[{"embeddable":true,"href":"https:\/\/factor-h.org\/pt\/wp-json\/wp\/v2\/comments?post=9047"}],"version-history":[{"count":4,"href":"https:\/\/factor-h.org\/pt\/wp-json\/wp\/v2\/posts\/9047\/revisions"}],"predecessor-version":[{"id":9058,"href":"https:\/\/factor-h.org\/pt\/wp-json\/wp\/v2\/posts\/9047\/revisions\/9058"}],"wp:featuredmedia":[{"embeddable":true,"href":"https:\/\/factor-h.org\/pt\/wp-json\/wp\/v2\/media\/9048"}],"wp:attachment":[{"href":"https:\/\/factor-h.org\/pt\/wp-json\/wp\/v2\/media?parent=9047"}],"wp:term":[{"taxonomy":"category","embeddable":true,"href":"https:\/\/factor-h.org\/pt\/wp-json\/wp\/v2\/categories?post=9047"},{"taxonomy":"post_tag","embeddable":true,"href":"https:\/\/factor-h.org\/pt\/wp-json\/wp\/v2\/tags?post=9047"}],"curies":[{"name":"wp","href":"https:\/\/api.w.org\/{rel}","templated":true}]}}